{"id":1835,"date":"2026-09-04T11:46:02","date_gmt":"2026-09-04T09:46:02","guid":{"rendered":"https:\/\/www.marko-helmets.com\/blog\/?p=1835"},"modified":"2026-09-04T14:01:41","modified_gmt":"2026-09-04T12:01:41","slug":"la-rentree-a-velo-les-indispensables-pour-aller-travailler","status":"publish","type":"post","link":"https:\/\/www.marko-helmets.com\/blog\/2026\/09\/04\/la-rentree-a-velo-les-indispensables-pour-aller-travailler\/","title":{"rendered":"La rentr\u00e9e \u00e0 v\u00e9lo: les indispensables pour aller travailler"},"content":{"rendered":"\n<p>La rentr\u00e9e est souvent synonyme de nouvelles habitudes. Nouveaux horaires, nouveaux projets, nouvelles r\u00e9solutions aussi\u2026 Et si cette ann\u00e9e, le v\u00e9lo trouvait d\u00e9finitivement sa place dans votre quotidien ?<\/p>\n\n\n\n<p>Pour \u00e9viter les transports bond\u00e9s, profiter du trajet pour prendre l\u2019air ou simplement retrouver le plaisir de se d\u00e9placer autrement, aller travailler \u00e0 v\u00e9lo s\u00e9duit de plus en plus de citadins. Que vous soyez d\u00e9j\u00e0 adepte du v\u00e9lotaf ou que vous envisagiez de laisser plus souvent la voiture au garage, quelques \u00e9quipements bien choisis peuvent v\u00e9ritablement changer votre quotidien.<\/p>\n\n\n\n<p>Du casque v\u00e9lo \u00e0 l\u2019antivol en passant par l\u2019\u00e9clairage et les indispensables pour affronter une m\u00e9t\u00e9o capricieuse, voici tout ce qu\u2019il faut pr\u00e9voir pour attaquer la rentr\u00e9e \u00e0 v\u00e9lo dans les meilleures conditions.<\/p>\n\n\n\n<h2 class=\"wp-block-heading\">1. Le casque v\u00e9lo : l\u2019indispensable pour rouler prot\u00e9g\u00e9 et avec style<\/h2>\n\n\n\n<p>C\u2019est \u00e9videmment le premier \u00e9quipement auquel penser avant de monter sur son v\u00e9lo. Pour les trajets quotidiens en ville, un bon casque v\u00e9lo doit avant tout \u00eatre confortable et correctement ajust\u00e9. Apr\u00e8s quelques kilom\u00e8tres matin et soir, un casque mal r\u00e9gl\u00e9 ou peu agr\u00e9able \u00e0 porter peut rapidement devenir contraignant.<\/p>\n\n\n\n<p>Le choix doit donc prendre en compte plusieurs crit\u00e8res : le maintien, la ventilation, le syst\u00e8me de r\u00e9glage et, bien s\u00fbr, la protection.<\/p>\n\n\n\n<p>Mais parce qu\u2019un casque destin\u00e9 au v\u00e9lotaf devient aussi un v\u00e9ritable accessoire du quotidien, son design compte. Il accompagne une tenue de travail, un manteau, un costume ou simplement votre style personnel. Il n\u2019y a aucune raison de devoir choisir entre esth\u00e9tique et s\u00e9curit\u00e9. C\u2019est justement la philosophie des casques v\u00e9lo Marko Helmets : proposer des casques inspir\u00e9s de l\u2019univers moto et du design vintage, mais pens\u00e9s pour les d\u00e9placements urbains d\u2019aujourd\u2019hui.<\/p>\n\n\n\n<p>Un casque que l\u2019on aime porter est aussi un casque que l\u2019on aura naturellement envie d\u2019emporter chaque matin. Le mod\u00e8le best-seller de la marque est le <a href=\"https:\/\/marko-helmets.com\/content\/45-le-casque-tandem-light-marko-helmets-\" target=\"_blank\" rel=\"noreferrer noopener\">Tandem Light<\/a> un casque qui vous prot\u00e8ge sous toutes les conditions, un design \u00e9pur\u00e9 et \u00e9l\u00e9gant, et avec de nombreuses caract\u00e9ristiques techniques et options. Pensez toujours \u00e0 bien r\u00e9gler votre casque avant de partir. M\u00eame le meilleur casque perd de son int\u00e9r\u00eat s\u2019il est mal positionn\u00e9. Il doit rester stable sur la t\u00eate sans cr\u00e9er de pression excessive notamment au niveau du front. Si votre casque a subi un choc important, profitez de cette reprise pour v\u00e9rifier son \u00e9tat et envisager son remplacement si n\u00e9cessaire.<\/p>\n\n\n\n<figure class=\"wp-block-image size-large\"><a href=\"https:\/\/marko-helmets.com\/\" target=\"_blank\" rel=\" noreferrer noopener\"><img loading=\"lazy\" decoding=\"async\" width=\"1024\" height=\"683\" src=\"https:\/\/www.marko-helmets.com\/blog\/wp-content\/uploads\/2026\/09\/casque-velo-urbain-de-Marko-Helmets-1024x683.jpg\" alt=\"\" class=\"wp-image-1836\" srcset=\"https:\/\/www.marko-helmets.com\/blog\/wp-content\/uploads\/2026\/09\/casque-velo-urbain-de-Marko-Helmets-1024x683.jpg 1024w, https:\/\/www.marko-helmets.com\/blog\/wp-content\/uploads\/2026\/09\/casque-velo-urbain-de-Marko-Helmets-300x200.jpg 300w, https:\/\/www.marko-helmets.com\/blog\/wp-content\/uploads\/2026\/09\/casque-velo-urbain-de-Marko-Helmets-768x512.jpg 768w, https:\/\/www.marko-helmets.com\/blog\/wp-content\/uploads\/2026\/09\/casque-velo-urbain-de-Marko-Helmets-1536x1024.jpg 1536w, https:\/\/www.marko-helmets.com\/blog\/wp-content\/uploads\/2026\/09\/casque-velo-urbain-de-Marko-Helmets-2048x1365.jpg 2048w, https:\/\/www.marko-helmets.com\/blog\/wp-content\/uploads\/2026\/09\/casque-velo-urbain-de-Marko-Helmets-1080x720.jpg 1080w\" sizes=\"auto, (max-width: 1024px) 100vw, 1024px\" \/><\/a><\/figure>\n\n\n\n<h2 class=\"wp-block-heading\">2. Un bon \u00e9clairage pour voir et surtout \u00eatre vu<\/h2>\n\n\n\n<p>En septembre, les longues soir\u00e9es d\u2019\u00e9t\u00e9 commencent doucement \u00e0 laisser place \u00e0 des journ\u00e9es plus courtes. Quelques semaines plus tard, votre trajet retour pourra d\u00e9j\u00e0 se faire \u00e0 la tomb\u00e9e de la nuit. L\u2019\u00e9clairage du v\u00e9lo devient donc incontournable pour les trajets domicile-travail.<\/p>\n\n\n\n<p>Un feu blanc ou jaune \u00e0 l\u2019avant et un feu rouge \u00e0 l\u2019arri\u00e8re permettent avant tout aux autres usagers de vous rep\u00e9rer plus facilement. En France, les \u00e9clairages font d&rsquo;ailleurs partie des \u00e9quipements r\u00e9glementaires du v\u00e9lo lorsqu&rsquo;ils sont requis par les conditions de visibilit\u00e9. Il n\u2019y a pas que la nuit qui r\u00e9duit fortement votre visibilit\u00e9, une matin\u00e9e pluvieuse, ou du brouillard peuvent \u00e9galement la r\u00e9duire.<\/p>\n\n\n\n<p>Pensez aussi aux \u00e9l\u00e9ments r\u00e9fl\u00e9chissants pr\u00e9sents sur le v\u00e9lo, les v\u00eatements ou certains accessoires comme le casque. En milieu urbain, \u00eatre vu suffisamment t\u00f4t par les automobilistes, scooters, bus et autres cyclistes est essentiel. L\u2019objectif est simple : voir, mais surtout \u00eatre vu !<\/p>\n\n\n\n<h2 class=\"wp-block-heading\">3. L\u2019antivol : un accessoire \u00e0 ne surtout pas n\u00e9gliger<\/h2>\n\n\n\n<p>Vous avez trouv\u00e9 le v\u00e9lo id\u00e9al pour aller au bureau ? Il reste maintenant \u00e0 le retrouver au m\u00eame endroit en fin de journ\u00e9e ! L\u2019antivol est probablement l\u2019un des investissements les moins enthousiasmants lorsque l\u2019on ach\u00e8te un v\u00e9lo, mais certainement l\u2019un des plus utiles.<\/p>\n\n\n\n<p>Pour une utilisation quotidienne en ville, privil\u00e9giez un antivol en U robuste ou une cha\u00eene de bonne qualit\u00e9. Si votre v\u00e9lo poss\u00e8de une valeur importante, utiliser deux antivols de technologies diff\u00e9rentes peut \u00e9galement compliquer la t\u00e2che d\u2019un voleur. Attachez toujours le cadre \u00e0 un point fixe solide. Lorsque cela est possible, s\u00e9curisez \u00e9galement l\u2019une des roues.<\/p>\n\n\n\n<p>Et un conseil , m\u00eame pour \u00ab deux minutes \u00bb, attachez votre v\u00e9lo. Le v\u00e9lotaf doit faciliter votre quotidien, pas transformer chaque sortie du bureau en chasse au v\u00e9lo disparu.<\/p>\n\n\n\n<figure class=\"wp-block-image size-large\"><a href=\"https:\/\/www.marko-helmets.com\/blog\/wp-content\/uploads\/2026\/09\/eclairage-et-antivol-velo-Marko-Helmets-scaled.jpg\"><img loading=\"lazy\" decoding=\"async\" width=\"1024\" height=\"683\" src=\"https:\/\/www.marko-helmets.com\/blog\/wp-content\/uploads\/2026\/09\/eclairage-et-antivol-velo-Marko-Helmets-1024x683.jpg\" alt=\"\" class=\"wp-image-1837\" srcset=\"https:\/\/www.marko-helmets.com\/blog\/wp-content\/uploads\/2026\/09\/eclairage-et-antivol-velo-Marko-Helmets-1024x683.jpg 1024w, https:\/\/www.marko-helmets.com\/blog\/wp-content\/uploads\/2026\/09\/eclairage-et-antivol-velo-Marko-Helmets-300x200.jpg 300w, https:\/\/www.marko-helmets.com\/blog\/wp-content\/uploads\/2026\/09\/eclairage-et-antivol-velo-Marko-Helmets-768x512.jpg 768w, https:\/\/www.marko-helmets.com\/blog\/wp-content\/uploads\/2026\/09\/eclairage-et-antivol-velo-Marko-Helmets-1536x1024.jpg 1536w, https:\/\/www.marko-helmets.com\/blog\/wp-content\/uploads\/2026\/09\/eclairage-et-antivol-velo-Marko-Helmets-2048x1365.jpg 2048w, https:\/\/www.marko-helmets.com\/blog\/wp-content\/uploads\/2026\/09\/eclairage-et-antivol-velo-Marko-Helmets-1080x720.jpg 1080w\" sizes=\"auto, (max-width: 1024px) 100vw, 1024px\" \/><\/a><\/figure>\n\n\n\n<h2 class=\"wp-block-heading\">4. Un sac adapt\u00e9 pour transporter ses affaires de travail<\/h2>\n\n\n\n<p>Ordinateur, chargeur, d\u00e9jeuner, gourde, v\u00eatements de rechange\u2026 Les affaires s\u2019accumulent rapidement lorsque l\u2019on commence \u00e0 aller travailler \u00e0 v\u00e9lo. Deux grandes solutions existent : le sac \u00e0 dos et les sacoches fix\u00e9es directement sur le v\u00e9lo.<\/p>\n\n\n\n<p>Le sac \u00e0 dos est pratique et polyvalent, notamment si vous continuez votre trajet \u00e0 pied une fois arriv\u00e9 en ville. Choisissez un mod\u00e8le r\u00e9sistant \u00e0 la pluie. Les sacoches ont quant \u00e0 elles un avantage appr\u00e9ciable : elles lib\u00e8rent totalement le dos. C\u2019est particuli\u00e8rement agr\u00e9able pour les trajets plus longs ou pendant les journ\u00e9es chaudes. Dans les deux cas, \u00e9vitez de surcharger votre \u00e9quipement.<\/p>\n\n\n\n<h2 class=\"wp-block-heading\">5. Pr\u00e9voir la pluie sans transformer son trajet en exp\u00e9dition<\/h2>\n\n\n\n<p>La m\u00e9t\u00e9o est probablement l\u2019une des principales excuses utilis\u00e9es pour laisser le v\u00e9lo \u00e0 la maison. Pourtant, avec un minimum d\u2019\u00e9quipement, une petite averse n\u2019a rien de dramatique. Une veste l\u00e9g\u00e8re imperm\u00e9able et respirante peut facilement rester dans votre sac toute l\u2019ann\u00e9e. Pour les jours de forte pluie, un surpantalon et des protections adapt\u00e9es pour les chaussures apporteront un vrai confort suppl\u00e9mentaire. Les garde-boue sont \u00e9galement extr\u00eamement utiles sur un v\u00e9lo destin\u00e9 aux trajets quotidiens. Sans eux, quelques flaques suffisent pour arriver au bureau avec une belle trace sur le pantalon ou dans le dos. Et lorsque les pr\u00e9visions annoncent vraiment une m\u00e9t\u00e9o compliqu\u00e9e, rien n\u2019interdit de prendre les transports en commun !\u00a0<\/p>\n\n\n\n<h2 class=\"wp-block-heading\">6. Un petit kit de d\u00e9pannage pour \u00e9viter les mauvaises surprises<\/h2>\n\n\n\n<p>Quelques accessoires sont n\u00e9cessaires pour faire face aux petits impr\u00e9vus. Une mini-pompe, des d\u00e9monte-pneus, une chambre \u00e0 air compatible ou un n\u00e9cessaire de r\u00e9paration qui prennent tr\u00e8s peu de place. L\u2019objectif est de pouvoir g\u00e9rer une crevaison ou un petit r\u00e9glage sans que votre trajet du matin ne tourne au cauchemar.<\/p>\n\n\n\n<h2 class=\"wp-block-heading\">7. Faire une r\u00e9vision du v\u00e9lo avant la rentr\u00e9e<\/h2>\n\n\n\n<p>Commencez par contr\u00f4ler la pression et l\u2019\u00e9tat des pneus. V\u00e9rifiez ensuite les freins, la transmission et le fonctionnement des \u00e9clairages. Quelques minutes peuvent suffire pour rep\u00e9rer une plaquette ou un patin de frein us\u00e9, un pneu sous-gonfl\u00e9 ou une cha\u00eene qui aurait besoin d\u2019un peu d\u2019entretien. Un v\u00e9lo correctement entretenu sera non seulement plus s\u00fbr, mais \u00e9galement beaucoup plus agr\u00e9able \u00e0 utiliser au quotidien. Pour les cyclistes qui utilisent leur v\u00e9lo quotidiennement, conna\u00eetre l\u2019emplacement d\u2019un atelier ou d\u2019un r\u00e9parateur proche du domicile ou du travail peut se r\u00e9v\u00e9ler particuli\u00e8rement utile.<\/p>\n\n\n\n<h3 class=\"wp-block-heading\">Pour r\u00e9sumer voici notre check-list v\u00e9lotaf pour la rentr\u00e9e :&nbsp;<\/h3>\n\n\n\n<ul class=\"wp-block-list\">\n<li>Un casque v\u00e9lo r\u00e9gl\u00e9 \u00e0 votre tour de t\u00eate<\/li>\n\n\n\n<li>Un \u00e9clairage avant et arri\u00e8re<\/li>\n\n\n\n<li>Un antivol<\/li>\n\n\n\n<li>Un sac \u00e0 dos ou des sacoches<\/li>\n\n\n\n<li>Une veste imperm\u00e9able<\/li>\n\n\n\n<li>Un petit kit de r\u00e9paration<\/li>\n\n\n\n<li>Une v\u00e9rification du v\u00e9lo pneu, cha\u00eene\u2026 avant le d\u00e9part<\/li>\n<\/ul>\n\n\n\n<p>Une fois ces indispensables r\u00e9unis, il ne reste plus qu\u2019\u00e0 rouler !<\/p>\n\n\n\n<p>Et pour en profiter pleinement, autant choisir un \u00e9quipement que l\u2019on aura r\u00e9ellement plaisir \u00e0 utiliser. Chez Marko, nous pensons qu\u2019un casque peut prot\u00e9ger sans faire oublier le style. Des lignes inspir\u00e9es de l\u2019univers vintage, des \u00e9quipements pens\u00e9s pour la ville et une envie commune : rendre les d\u00e9placements quotidiens un peu plus agr\u00e9ables.<\/p>\n\n\n\n<p>Alors, pour cette rentr\u00e9e : m\u00e9tro, voiture\u2026 ou v\u00e9lo ?<\/p>\n","protected":false},"excerpt":{"rendered":"<p>La rentr\u00e9e est souvent synonyme de nouvelles habitudes. Nouveaux horaires, nouveaux projets, nouvelles r\u00e9solutions aussi\u2026 Et si cette ann\u00e9e, le v\u00e9lo trouvait d\u00e9finitivement sa place dans votre quotidien ? Pour \u00e9viter les transports bond\u00e9s, profiter du trajet pour prendre l\u2019air ou simplement retrouver le plaisir de se d\u00e9placer autrement, aller travailler \u00e0 v\u00e9lo s\u00e9duit de plus en plus de citadins. Que vous soyez d\u00e9j\u00e0 adepte du v\u00e9lotaf ou que vous envisagiez de laisser plus souvent la voiture au garage, quelques \u00e9quipements bien choisis peuvent v\u00e9ritablement changer votre quotidien. Du casque v\u00e9lo \u00e0 l\u2019antivol en passant par l\u2019\u00e9clairage et les indispensables pour affronter une m\u00e9t\u00e9o capricieuse, voici tout ce qu\u2019il faut pr\u00e9voir pour attaquer la rentr\u00e9e \u00e0 v\u00e9lo dans les meilleures conditions. 1. Le casque v\u00e9lo : l\u2019indispensable pour rouler prot\u00e9g\u00e9 et avec style C\u2019est \u00e9videmment le premier \u00e9quipement auquel penser avant de monter sur son v\u00e9lo. Pour les trajets quotidiens en ville, un bon casque v\u00e9lo doit avant tout \u00eatre confortable et correctement ajust\u00e9. Apr\u00e8s quelques kilom\u00e8tres matin et soir, un casque mal r\u00e9gl\u00e9 ou peu agr\u00e9able \u00e0 porter peut rapidement devenir contraignant. Le choix doit donc prendre en compte plusieurs crit\u00e8res : le maintien, la ventilation, le syst\u00e8me de [&hellip;]<\/p>\n","protected":false},"author":1,"featured_media":1838,"comment_status":"open","ping_status":"open","sticky":false,"template":"","format":"standard","meta":{"footnotes":""},"categories":[7,10],"tags":[8,21,18],"class_list":["post-1835","post","type-post","status-publish","format-standard","has-post-thumbnail","hentry","category-actualites","category-guide","tag-actualites","tag-casque-velo","tag-marko-helmets"],"_links":{"self":[{"href":"https:\/\/www.marko-helmets.com\/blog\/wp-json\/wp\/v2\/posts\/1835","targetHints":{"allow":["GET"]}}],"collection":[{"href":"https:\/\/www.marko-helmets.com\/blog\/wp-json\/wp\/v2\/posts"}],"about":[{"href":"https:\/\/www.marko-helmets.com\/blog\/wp-json\/wp\/v2\/types\/post"}],"author":[{"embeddable":true,"href":"https:\/\/www.marko-helmets.com\/blog\/wp-json\/wp\/v2\/users\/1"}],"replies":[{"embeddable":true,"href":"https:\/\/www.marko-helmets.com\/blog\/wp-json\/wp\/v2\/comments?post=1835"}],"version-history":[{"count":1,"href":"https:\/\/www.marko-helmets.com\/blog\/wp-json\/wp\/v2\/posts\/1835\/revisions"}],"predecessor-version":[{"id":1839,"href":"https:\/\/www.marko-helmets.com\/blog\/wp-json\/wp\/v2\/posts\/1835\/revisions\/1839"}],"wp:featuredmedia":[{"embeddable":true,"href":"https:\/\/www.marko-helmets.com\/blog\/wp-json\/wp\/v2\/media\/1838"}],"wp:attachment":[{"href":"https:\/\/www.marko-helmets.com\/blog\/wp-json\/wp\/v2\/media?parent=1835"}],"wp:term":[{"taxonomy":"category","embeddable":true,"href":"https:\/\/www.marko-helmets.com\/blog\/wp-json\/wp\/v2\/categories?post=1835"},{"taxonomy":"post_tag","embeddable":true,"href":"https:\/\/www.marko-helmets.com\/blog\/wp-json\/wp\/v2\/tags?post=1835"}],"curies":[{"name":"wp","href":"https:\/\/api.w.org\/{rel}","templated":true}]}}