{"id":1772,"date":"2026-03-12T16:33:51","date_gmt":"2026-03-12T14:33:51","guid":{"rendered":"https:\/\/www.marko-helmets.com\/blog\/?p=1772"},"modified":"2026-04-01T15:27:52","modified_gmt":"2026-04-01T13:27:52","slug":"comment-choisir-un-casque-velo-adapte-a-la-mobilite-urbaine","status":"publish","type":"post","link":"https:\/\/www.marko-helmets.com\/blog\/2026\/03\/12\/comment-choisir-un-casque-velo-adapte-a-la-mobilite-urbaine\/","title":{"rendered":"Comment choisir un casque v\u00e9lo adapt\u00e9 \u00e0 la mobilit\u00e9 urbaine ?"},"content":{"rendered":"\n<p>La mobilit\u00e9 urbaine a profond\u00e9ment \u00e9volu\u00e9 ces derni\u00e8res ann\u00e9es. Entre v\u00e9los classiques, VAE, trottinette \u00e9lectrique et v\u00e9lotaf quotidien, le casque n\u2019est plus seulement un accessoire de s\u00e9curit\u00e9 : il est devenu un v\u00e9ritable alli\u00e9 du quotidien, \u00e0 la crois\u00e9e de la protection, du confort et du style.<\/p>\n\n\n\n<p>Chez Marko Helmets, nous concevons des casques pens\u00e9s sp\u00e9cifiquement pour les usages urbains. Voici comment choisir le mod\u00e8le le plus adapt\u00e9 \u00e0 votre pratique.<\/p>\n\n\n\n<h2 class=\"wp-block-heading\">1. La s\u00e9curit\u00e9<\/h2>\n\n\n\n<p>Un casque urbain doit avant tout r\u00e9pondre aux normes europ\u00e9ennes en vigueur (CE EN 1078).<br>Mais au-del\u00e0 de la certification, certains \u00e9l\u00e9ments font la diff\u00e9rence en ville :<\/p>\n\n\n\n<ul class=\"wp-block-list\">\n<li>Coque enveloppante (protection accrue de l\u2019arri\u00e8re de la t\u00eate)<\/li>\n\n\n\n<li>Syst\u00e8me d\u2019ajustement pr\u00e9cis pour un maintien optimal<\/li>\n\n\n\n<li>Bonne visibilit\u00e9 (coloris, lumi\u00e8res)<\/li>\n<\/ul>\n\n\n\n<p>En milieu urbain, les chutes surviennent souvent \u00e0 vitesse mod\u00e9r\u00e9e, mais sur sol dur (bitume, pav\u00e9s).<\/p>\n\n\n\n<p>Les casques Marko Helmets sont con\u00e7us pour offrir un \u00e9quilibre entre absorption des chocs et maintien, afin d\u2019assurer une protection fiable au quotidien.<\/p>\n\n\n\n<h2 class=\"wp-block-heading\">2. Le confort : indispensable pour le v\u00e9lotaf<\/h2>\n\n\n\n<p>En mobilit\u00e9 douce, on porte son casque :<\/p>\n\n\n\n<ul class=\"wp-block-list\">\n<li>15 \u00e0 45 minutes par trajet<\/li>\n\n\n\n<li>souvent deux fois par jour<\/li>\n\n\n\n<li>Par tous les temps<\/li>\n<\/ul>\n\n\n\n<p>Un casque urbain doit donc \u00eatre :<\/p>\n\n\n\n<ul class=\"wp-block-list\">\n<li>Bien ventil\u00e9 (sans compromettre le design)<\/li>\n\n\n\n<li>\u00c9quip\u00e9 de mousses respirantes et lavables<\/li>\n\n\n\n<li>Facilement ajustable (molette microm\u00e9trique)<\/li>\n<\/ul>\n\n\n\n<p>Chez Marko Helmets, nous accordons une attention particuli\u00e8re au confort thermique notamment avec nos int\u00e9rieurs adapt\u00e9s \u00e0 la saison hivernale et estivale (modulable sur la tandem Light et le Astro) ainsi qu\u2019\u00e0 l\u2019ergonomie, pour que le casque devienne un r\u00e9flexe naturel et non une contrainte au quotidien.&nbsp;<\/p>\n\n\n\n<figure class=\"wp-block-image size-large\"><a href=\"https:\/\/www.marko-helmets.com\/blog\/wp-content\/uploads\/2026\/03\/casque-velo-de-Marko-Helmets-scaled.png\"><img loading=\"lazy\" decoding=\"async\" width=\"1024\" height=\"683\" src=\"https:\/\/www.marko-helmets.com\/blog\/wp-content\/uploads\/2026\/03\/casque-velo-de-Marko-Helmets-1024x683.png\" alt=\"\" class=\"wp-image-1780\" srcset=\"https:\/\/www.marko-helmets.com\/blog\/wp-content\/uploads\/2026\/03\/casque-velo-de-Marko-Helmets-1024x683.png 1024w, https:\/\/www.marko-helmets.com\/blog\/wp-content\/uploads\/2026\/03\/casque-velo-de-Marko-Helmets-300x200.png 300w, https:\/\/www.marko-helmets.com\/blog\/wp-content\/uploads\/2026\/03\/casque-velo-de-Marko-Helmets-768x512.png 768w, https:\/\/www.marko-helmets.com\/blog\/wp-content\/uploads\/2026\/03\/casque-velo-de-Marko-Helmets-1536x1024.png 1536w, https:\/\/www.marko-helmets.com\/blog\/wp-content\/uploads\/2026\/03\/casque-velo-de-Marko-Helmets-2048x1365.png 2048w, https:\/\/www.marko-helmets.com\/blog\/wp-content\/uploads\/2026\/03\/casque-velo-de-Marko-Helmets-1080x720.png 1080w\" sizes=\"auto, (max-width: 1024px) 100vw, 1024px\" \/><\/a><\/figure>\n\n\n\n<h2 class=\"wp-block-heading\">3. Le style : un crit\u00e8re cl\u00e9 en ville<\/h2>\n\n\n\n<p>Contrairement au cyclisme sportif, la mobilit\u00e9 urbaine s\u2019inscrit dans une logique lifestyle. Votre casque fait partie de votre look !<\/p>\n\n\n\n<p>Un bon casque urbain doit :<\/p>\n\n\n\n<ul class=\"wp-block-list\">\n<li>S\u2019int\u00e9grer \u00e0 une tenue de travail<\/li>\n\n\n\n<li>Correspondre \u00e0 votre personnalit\u00e9<\/li>\n\n\n\n<li>Rester intemporel<\/li>\n<\/ul>\n\n\n\n<p>Les mod\u00e8les Marko Helmets adoptent un design \u00e9pur\u00e9, inspir\u00e9 de l\u2019univers moto, avec des lignes modernes pour certains casques et plus vintage pour d\u2019autres et des finitions soign\u00e9es. L\u2019objectif : proposer un casque que l\u2019on a envie de porter, m\u00eame en dehors du v\u00e9lo.Parce qu\u2019un casque styl\u00e9 est un casque port\u00e9 !<\/p>\n\n\n\n<h2 class=\"wp-block-heading\">4. Adapter son casque \u00e0 son type de pratique<\/h2>\n\n\n\n<h4 class=\"wp-block-heading\">V\u00e9lo classique en ville<\/h4>\n\n\n\n<p>Optez pour un casque l\u00e9ger, compact, facile \u00e0 transporter et \u00e0 ranger.<\/p>\n\n\n\n<p>Nous vous conseillons les casques Tempo et Astro.<\/p>\n\n\n\n<figure class=\"wp-block-gallery has-nested-images columns-default is-cropped wp-block-gallery-1 is-layout-flex wp-block-gallery-is-layout-flex\">\n<figure class=\"wp-block-image size-large\"><a href=\"https:\/\/marko-helmets.com\/content\/33-le-casque-velo-tempo-marko-helmets\" target=\"_blank\" rel=\" noreferrer noopener\"><img loading=\"lazy\" decoding=\"async\" width=\"953\" height=\"1024\" data-id=\"1777\" src=\"https:\/\/www.marko-helmets.com\/blog\/wp-content\/uploads\/2026\/03\/Casque-velo-urbain-Tempo-Marko-Helmets-953x1024.png\" alt=\"\" class=\"wp-image-1777\" srcset=\"https:\/\/www.marko-helmets.com\/blog\/wp-content\/uploads\/2026\/03\/Casque-velo-urbain-Tempo-Marko-Helmets-953x1024.png 953w, https:\/\/www.marko-helmets.com\/blog\/wp-content\/uploads\/2026\/03\/Casque-velo-urbain-Tempo-Marko-Helmets-279x300.png 279w, https:\/\/www.marko-helmets.com\/blog\/wp-content\/uploads\/2026\/03\/Casque-velo-urbain-Tempo-Marko-Helmets-768x826.png 768w, https:\/\/www.marko-helmets.com\/blog\/wp-content\/uploads\/2026\/03\/Casque-velo-urbain-Tempo-Marko-Helmets-1429x1536.png 1429w, https:\/\/www.marko-helmets.com\/blog\/wp-content\/uploads\/2026\/03\/Casque-velo-urbain-Tempo-Marko-Helmets-1080x1161.png 1080w, https:\/\/www.marko-helmets.com\/blog\/wp-content\/uploads\/2026\/03\/Casque-velo-urbain-Tempo-Marko-Helmets.png 1589w\" sizes=\"auto, (max-width: 953px) 100vw, 953px\" \/><\/a><\/figure>\n\n\n\n<figure class=\"wp-block-image size-large\"><a href=\"https:\/\/marko-helmets.com\/content\/46-le-casque-astro-marko-helmets\" target=\"_blank\" rel=\" noreferrer noopener\"><img loading=\"lazy\" decoding=\"async\" width=\"1024\" height=\"977\" data-id=\"1776\" src=\"https:\/\/www.marko-helmets.com\/blog\/wp-content\/uploads\/2026\/03\/Casque-velo-urbain-Astro-Marko-Helmets-1024x977.png\" alt=\"\" class=\"wp-image-1776\" srcset=\"https:\/\/www.marko-helmets.com\/blog\/wp-content\/uploads\/2026\/03\/Casque-velo-urbain-Astro-Marko-Helmets-1024x977.png 1024w, https:\/\/www.marko-helmets.com\/blog\/wp-content\/uploads\/2026\/03\/Casque-velo-urbain-Astro-Marko-Helmets-300x286.png 300w, https:\/\/www.marko-helmets.com\/blog\/wp-content\/uploads\/2026\/03\/Casque-velo-urbain-Astro-Marko-Helmets-768x733.png 768w, https:\/\/www.marko-helmets.com\/blog\/wp-content\/uploads\/2026\/03\/Casque-velo-urbain-Astro-Marko-Helmets-1536x1466.png 1536w, https:\/\/www.marko-helmets.com\/blog\/wp-content\/uploads\/2026\/03\/Casque-velo-urbain-Astro-Marko-Helmets-1080x1031.png 1080w, https:\/\/www.marko-helmets.com\/blog\/wp-content\/uploads\/2026\/03\/Casque-velo-urbain-Astro-Marko-Helmets.png 1734w\" sizes=\"auto, (max-width: 1024px) 100vw, 1024px\" \/><\/a><\/figure>\n<\/figure>\n\n\n\n<h4 class=\"wp-block-heading\">V\u00e9lo \u00e0 assistance \u00e9lectrique (VAE) et trottinette<\/h4>\n\n\n\n<p>La vitesse moyenne \u00e9tant plus \u00e9lev\u00e9e, privil\u00e9giez un casque avec une couverture arri\u00e8re renforc\u00e9e et un excellent maintien ainsi qu\u2019une visi\u00e8re pour vous prot\u00e9ger du vent et des projections.&nbsp;<\/p>\n\n\n\n<p>Nous vous conseillons les casques Tandem et Cadence.<\/p>\n\n\n\n<figure class=\"wp-block-gallery has-nested-images columns-default is-cropped wp-block-gallery-2 is-layout-flex wp-block-gallery-is-layout-flex\">\n<figure class=\"wp-block-image size-large\"><a href=\"https:\/\/marko-helmets.com\/content\/23-le-casque-velo-vintage-tandem-marko-helmets\" target=\"_blank\" rel=\" noreferrer noopener\"><img loading=\"lazy\" decoding=\"async\" width=\"1024\" height=\"1000\" data-id=\"1775\" src=\"https:\/\/www.marko-helmets.com\/blog\/wp-content\/uploads\/2026\/03\/Casque-velo-urbain-Tandem-Marko-Helmets-1024x1000.png\" alt=\"\" class=\"wp-image-1775\" srcset=\"https:\/\/www.marko-helmets.com\/blog\/wp-content\/uploads\/2026\/03\/Casque-velo-urbain-Tandem-Marko-Helmets-1024x1000.png 1024w, https:\/\/www.marko-helmets.com\/blog\/wp-content\/uploads\/2026\/03\/Casque-velo-urbain-Tandem-Marko-Helmets-300x293.png 300w, https:\/\/www.marko-helmets.com\/blog\/wp-content\/uploads\/2026\/03\/Casque-velo-urbain-Tandem-Marko-Helmets-768x750.png 768w, https:\/\/www.marko-helmets.com\/blog\/wp-content\/uploads\/2026\/03\/Casque-velo-urbain-Tandem-Marko-Helmets-1536x1500.png 1536w, https:\/\/www.marko-helmets.com\/blog\/wp-content\/uploads\/2026\/03\/Casque-velo-urbain-Tandem-Marko-Helmets-1080x1054.png 1080w, https:\/\/www.marko-helmets.com\/blog\/wp-content\/uploads\/2026\/03\/Casque-velo-urbain-Tandem-Marko-Helmets.png 1644w\" sizes=\"auto, (max-width: 1024px) 100vw, 1024px\" \/><\/a><\/figure>\n\n\n\n<figure class=\"wp-block-image size-large\"><a href=\"https:\/\/marko-helmets.com\/content\/34-le-casque-velo-cadence-marko-helmets\" target=\"_blank\" rel=\" noreferrer noopener\"><img loading=\"lazy\" decoding=\"async\" width=\"1012\" height=\"1024\" data-id=\"1774\" src=\"https:\/\/www.marko-helmets.com\/blog\/wp-content\/uploads\/2026\/03\/Casque-velo-urbain-Cadence-Marko-Helmets-1012x1024.png\" alt=\"\" class=\"wp-image-1774\" srcset=\"https:\/\/www.marko-helmets.com\/blog\/wp-content\/uploads\/2026\/03\/Casque-velo-urbain-Cadence-Marko-Helmets-1012x1024.png 1012w, https:\/\/www.marko-helmets.com\/blog\/wp-content\/uploads\/2026\/03\/Casque-velo-urbain-Cadence-Marko-Helmets-296x300.png 296w, https:\/\/www.marko-helmets.com\/blog\/wp-content\/uploads\/2026\/03\/Casque-velo-urbain-Cadence-Marko-Helmets-768x777.png 768w, https:\/\/www.marko-helmets.com\/blog\/wp-content\/uploads\/2026\/03\/Casque-velo-urbain-Cadence-Marko-Helmets-1518x1536.png 1518w, https:\/\/www.marko-helmets.com\/blog\/wp-content\/uploads\/2026\/03\/Casque-velo-urbain-Cadence-Marko-Helmets-1080x1093.png 1080w, https:\/\/www.marko-helmets.com\/blog\/wp-content\/uploads\/2026\/03\/Casque-velo-urbain-Cadence-Marko-Helmets.png 1564w\" sizes=\"auto, (max-width: 1012px) 100vw, 1012px\" \/><\/a><\/figure>\n<\/figure>\n\n\n\n<h4 class=\"wp-block-heading\">Intermodalit\u00e9 (v\u00e9lo + transports)<\/h4>\n\n\n\n<p>Choisissez un mod\u00e8le pratique : l\u00e9ger et confortable \u00e0 porter \u00e0 la main ou \u00e0 accrocher \u00e0 votre sac.<\/p>\n\n\n\n<p>Nous vous conseillons le casque Tandem Light<\/p>\n\n\n\n<figure class=\"wp-block-gallery has-nested-images columns-default is-cropped wp-block-gallery-3 is-layout-flex wp-block-gallery-is-layout-flex\">\n<figure class=\"wp-block-image size-large\"><a href=\"https:\/\/marko-helmets.com\/content\/45-le-casque-tandem-light-marko-helmets-\" target=\"_blank\" rel=\" noreferrer noopener\"><img loading=\"lazy\" decoding=\"async\" width=\"1024\" height=\"1009\" data-id=\"1779\" src=\"https:\/\/www.marko-helmets.com\/blog\/wp-content\/uploads\/2026\/03\/Casque-velo-urbain-Tandem-Light-Marko-Helmets-1-1024x1009.png\" alt=\"\" class=\"wp-image-1779\" srcset=\"https:\/\/www.marko-helmets.com\/blog\/wp-content\/uploads\/2026\/03\/Casque-velo-urbain-Tandem-Light-Marko-Helmets-1-1024x1009.png 1024w, https:\/\/www.marko-helmets.com\/blog\/wp-content\/uploads\/2026\/03\/Casque-velo-urbain-Tandem-Light-Marko-Helmets-1-300x296.png 300w, https:\/\/www.marko-helmets.com\/blog\/wp-content\/uploads\/2026\/03\/Casque-velo-urbain-Tandem-Light-Marko-Helmets-1-768x757.png 768w, https:\/\/www.marko-helmets.com\/blog\/wp-content\/uploads\/2026\/03\/Casque-velo-urbain-Tandem-Light-Marko-Helmets-1-1536x1514.png 1536w, https:\/\/www.marko-helmets.com\/blog\/wp-content\/uploads\/2026\/03\/Casque-velo-urbain-Tandem-Light-Marko-Helmets-1-1080x1064.png 1080w, https:\/\/www.marko-helmets.com\/blog\/wp-content\/uploads\/2026\/03\/Casque-velo-urbain-Tandem-Light-Marko-Helmets-1.png 1641w\" sizes=\"auto, (max-width: 1024px) 100vw, 1024px\" \/><\/a><\/figure>\n\n\n\n<figure class=\"wp-block-image size-large\"><a href=\"https:\/\/marko-helmets.com\/content\/45-le-casque-tandem-light-marko-helmets-\"><img loading=\"lazy\" decoding=\"async\" width=\"1024\" height=\"994\" data-id=\"1778\" src=\"https:\/\/www.marko-helmets.com\/blog\/wp-content\/uploads\/2026\/03\/Casque-velo-urbain-Tandem-Light-Marko-Helmets-1024x994.png\" alt=\"\" class=\"wp-image-1778\" srcset=\"https:\/\/www.marko-helmets.com\/blog\/wp-content\/uploads\/2026\/03\/Casque-velo-urbain-Tandem-Light-Marko-Helmets-1024x994.png 1024w, https:\/\/www.marko-helmets.com\/blog\/wp-content\/uploads\/2026\/03\/Casque-velo-urbain-Tandem-Light-Marko-Helmets-300x291.png 300w, https:\/\/www.marko-helmets.com\/blog\/wp-content\/uploads\/2026\/03\/Casque-velo-urbain-Tandem-Light-Marko-Helmets-768x745.png 768w, https:\/\/www.marko-helmets.com\/blog\/wp-content\/uploads\/2026\/03\/Casque-velo-urbain-Tandem-Light-Marko-Helmets-1536x1490.png 1536w, https:\/\/www.marko-helmets.com\/blog\/wp-content\/uploads\/2026\/03\/Casque-velo-urbain-Tandem-Light-Marko-Helmets-1080x1048.png 1080w, https:\/\/www.marko-helmets.com\/blog\/wp-content\/uploads\/2026\/03\/Casque-velo-urbain-Tandem-Light-Marko-Helmets.png 1687w\" sizes=\"auto, (max-width: 1024px) 100vw, 1024px\" \/><\/a><\/figure>\n<\/figure>\n\n\n\n<p>Les casques Marko Helmets sont pens\u00e9s pour accompagner ces diff\u00e9rents usages urbains, en combinant s\u00e9curit\u00e9 et polyvalence.<\/p>\n\n\n\n<h2 class=\"wp-block-heading\">5. Les d\u00e9tails qui font la diff\u00e9rence<\/h2>\n\n\n\n<p>Un casque urbain peut int\u00e9grer :<\/p>\n\n\n\n<ul class=\"wp-block-list\">\n<li>Visi\u00e8re pour prot\u00e9ger du vent et de la pluie<\/li>\n\n\n\n<li>\u00c9clairage LED int\u00e9gr\u00e9<\/li>\n\n\n\n<li>Boucle magn\u00e9tique facile \u00e0 fermer<\/li>\n\n\n\n<li>Compatibilit\u00e9 avec lunettes ou masque<\/li>\n\n\n\n<li>Cache pluie<\/li>\n<\/ul>\n\n\n\n<p>Ces \u00e9l\u00e9ments am\u00e9liorent l\u2019exp\u00e9rience utilisateur au quotidien, notamment pour les trajets domicile-travail. Chez Marko Helmets nos casques ont ces sp\u00e9cificit\u00e9s techniques.&nbsp;<\/p>\n\n\n\n<h2 class=\"wp-block-heading\">6. Bien choisir sa taille<\/h2>\n\n\n\n<p>Un casque efficace est un casque bien ajust\u00e9.<\/p>\n\n\n\n<ol class=\"wp-block-list\">\n<li>Mesurez votre tour de t\u00eate.<\/li>\n\n\n\n<li>R\u00e9f\u00e9rez-vous au guide des tailles.<\/li>\n\n\n\n<li>Ajustez la molette pour un maintien ferme mais confortable.<\/li>\n<\/ol>\n\n\n\n<p>Un casque ne doit ni bouger, ni comprimer. Retrouvez notre <a href=\"https:\/\/www.marko-helmets.com\/blog\/2022\/09\/14\/comment-bien-choisir-la-taille-de-son-casque-velo\/\" target=\"_blank\" rel=\"noreferrer noopener\">article d\u00e9di\u00e9 au choix de la taille<\/a>.<\/p>\n\n\n\n<h3 class=\"wp-block-heading\">Conclusion : le bon casque urbain, c\u2019est l\u2019\u00e9quilibre parfait<\/h3>\n\n\n\n<p>Choisir un casque adapt\u00e9 \u00e0 la mobilit\u00e9 urbaine, c\u2019est trouver le bon compromis entre :<\/p>\n\n\n\n<ul class=\"wp-block-list\">\n<li>S\u00e9curit\u00e9<\/li>\n\n\n\n<li>Confort<\/li>\n\n\n\n<li>Design<\/li>\n\n\n\n<li>Usage quotidien<\/li>\n<\/ul>\n\n\n\n<p>Chez Marko Helmets, nous pensons que la mobilit\u00e9 douce m\u00e9rite un \u00e9quipement \u00e0 la hauteur des enjeux actuels : s\u00fbr, \u00e9l\u00e9gant et pens\u00e9 pour la ville. Adopter le bon casque, c\u2019est faire le choix d\u2019une mobilit\u00e9 responsable\u2026 avec style.<\/p>\n\n\n\n<p>Retrouvez tous nos mod\u00e8les <a href=\"https:\/\/marko-helmets.com\/\" target=\"_blank\" rel=\"noreferrer noopener\">ici<\/a> et aussi <a href=\"https:\/\/marko-helmets.com\/content\/47-les-casques-enfants-velo-tempo-et-astro\" target=\"_blank\" rel=\"noreferrer noopener\">nos casques enfants<\/a>.<\/p>\n\n\n\n<p><\/p>\n","protected":false},"excerpt":{"rendered":"<p>La mobilit\u00e9 urbaine a profond\u00e9ment \u00e9volu\u00e9 ces derni\u00e8res ann\u00e9es. Entre v\u00e9los classiques, VAE, trottinette \u00e9lectrique et v\u00e9lotaf quotidien, le casque n\u2019est plus seulement un accessoire de s\u00e9curit\u00e9 : il est devenu un v\u00e9ritable alli\u00e9 du quotidien, \u00e0 la crois\u00e9e de la protection, du confort et du style. Chez Marko Helmets, nous concevons des casques pens\u00e9s sp\u00e9cifiquement pour les usages urbains. Voici comment choisir le mod\u00e8le le plus adapt\u00e9 \u00e0 votre pratique. 1. La s\u00e9curit\u00e9 Un casque urbain doit avant tout r\u00e9pondre aux normes europ\u00e9ennes en vigueur (CE EN 1078).Mais au-del\u00e0 de la certification, certains \u00e9l\u00e9ments font la diff\u00e9rence en ville : En milieu urbain, les chutes surviennent souvent \u00e0 vitesse mod\u00e9r\u00e9e, mais sur sol dur (bitume, pav\u00e9s). Les casques Marko Helmets sont con\u00e7us pour offrir un \u00e9quilibre entre absorption des chocs et maintien, afin d\u2019assurer une protection fiable au quotidien. 2. Le confort : indispensable pour le v\u00e9lotaf En mobilit\u00e9 douce, on porte son casque : Un casque urbain doit donc \u00eatre : Chez Marko Helmets, nous accordons une attention particuli\u00e8re au confort thermique notamment avec nos int\u00e9rieurs adapt\u00e9s \u00e0 la saison hivernale et estivale (modulable sur la tandem Light et le Astro) ainsi qu\u2019\u00e0 l\u2019ergonomie, pour que le casque [&hellip;]<\/p>\n","protected":false},"author":1,"featured_media":1773,"comment_status":"open","ping_status":"open","sticky":false,"template":"","format":"standard","meta":{"footnotes":""},"categories":[10],"tags":[],"class_list":["post-1772","post","type-post","status-publish","format-standard","has-post-thumbnail","hentry","category-guide"],"_links":{"self":[{"href":"https:\/\/www.marko-helmets.com\/blog\/wp-json\/wp\/v2\/posts\/1772","targetHints":{"allow":["GET"]}}],"collection":[{"href":"https:\/\/www.marko-helmets.com\/blog\/wp-json\/wp\/v2\/posts"}],"about":[{"href":"https:\/\/www.marko-helmets.com\/blog\/wp-json\/wp\/v2\/types\/post"}],"author":[{"embeddable":true,"href":"https:\/\/www.marko-helmets.com\/blog\/wp-json\/wp\/v2\/users\/1"}],"replies":[{"embeddable":true,"href":"https:\/\/www.marko-helmets.com\/blog\/wp-json\/wp\/v2\/comments?post=1772"}],"version-history":[{"count":1,"href":"https:\/\/www.marko-helmets.com\/blog\/wp-json\/wp\/v2\/posts\/1772\/revisions"}],"predecessor-version":[{"id":1781,"href":"https:\/\/www.marko-helmets.com\/blog\/wp-json\/wp\/v2\/posts\/1772\/revisions\/1781"}],"wp:featuredmedia":[{"embeddable":true,"href":"https:\/\/www.marko-helmets.com\/blog\/wp-json\/wp\/v2\/media\/1773"}],"wp:attachment":[{"href":"https:\/\/www.marko-helmets.com\/blog\/wp-json\/wp\/v2\/media?parent=1772"}],"wp:term":[{"taxonomy":"category","embeddable":true,"href":"https:\/\/www.marko-helmets.com\/blog\/wp-json\/wp\/v2\/categories?post=1772"},{"taxonomy":"post_tag","embeddable":true,"href":"https:\/\/www.marko-helmets.com\/blog\/wp-json\/wp\/v2\/tags?post=1772"}],"curies":[{"name":"wp","href":"https:\/\/api.w.org\/{rel}","templated":true}]}}