{"id":1220,"date":"2023-01-13T13:52:56","date_gmt":"2023-01-13T11:52:56","guid":{"rendered":"https:\/\/www.marko-helmets.com\/blog\/?p=1220"},"modified":"2023-08-31T11:14:36","modified_gmt":"2023-08-31T09:14:36","slug":"quel-casque-velo-choisir-pour-lhiver","status":"publish","type":"post","link":"https:\/\/www.marko-helmets.com\/blog\/2023\/01\/13\/quel-casque-velo-choisir-pour-lhiver\/","title":{"rendered":"Quel casque v\u00e9lo choisir pour l\u2019hiver ?"},"content":{"rendered":"\n<p>Il n\u2019est pas toujours \u00e9vident de trouver le casque de v\u00e9lo id\u00e9al pour la saison hivernale qui nous permet de lutter contre le froid. Les casques d&rsquo;hiver sont con\u00e7us pour offrir une meilleure protection contre les intemp\u00e9ries, tout en gardant le cycliste visible et en toute s\u00e9curit\u00e9 sur la route.<\/p>\n\n\n\n<p>Lorsque vous choisissez un casque pour l&rsquo;hiver, il est important de tenir compte de certains \u00e9l\u00e9ments cl\u00e9s qui vont influencer votre choix, tels que la ventilation, l&rsquo;isolation thermique et la visibilit\u00e9.<\/p>\n\n\n\n<p>La ventilation est importante car elle permet d&rsquo;\u00e9vacuer la chaleur et l&rsquo;humidit\u00e9 produites par le cycliste, ce qui emp\u00eache la transpiration et le froid de s&rsquo;accumuler \u00e0 l&rsquo;int\u00e9rieur du casque. Les casques d&rsquo;hiver disposent souvent de plusieurs ouvertures de ventilation pour assurer un flux d&rsquo;air ad\u00e9quat.<\/p>\n\n\n\n<figure class=\"wp-block-image size-large\"><img loading=\"lazy\" decoding=\"async\" width=\"1024\" height=\"627\" src=\"https:\/\/www.marko-helmets.com\/blog\/wp-content\/uploads\/2023\/01\/Casque-v\u00e9lo-de-Marko-helmets-1024x627.png\" alt=\"\" class=\"wp-image-1221\" srcset=\"https:\/\/www.marko-helmets.com\/blog\/wp-content\/uploads\/2023\/01\/Casque-v\u00e9lo-de-Marko-helmets-1024x627.png 1024w, https:\/\/www.marko-helmets.com\/blog\/wp-content\/uploads\/2023\/01\/Casque-v\u00e9lo-de-Marko-helmets-300x184.png 300w, https:\/\/www.marko-helmets.com\/blog\/wp-content\/uploads\/2023\/01\/Casque-v\u00e9lo-de-Marko-helmets-768x470.png 768w, https:\/\/www.marko-helmets.com\/blog\/wp-content\/uploads\/2023\/01\/Casque-v\u00e9lo-de-Marko-helmets-1536x940.png 1536w, https:\/\/www.marko-helmets.com\/blog\/wp-content\/uploads\/2023\/01\/Casque-v\u00e9lo-de-Marko-helmets-1080x661.png 1080w, https:\/\/www.marko-helmets.com\/blog\/wp-content\/uploads\/2023\/01\/Casque-v\u00e9lo-de-Marko-helmets.png 2000w\" sizes=\"auto, (max-width: 1024px) 100vw, 1024px\" \/><\/figure>\n\n\n\n<p>L&rsquo;isolation thermique est \u00e9galement essentielle pour maintenir la chaleur corporelle du cycliste et le prot\u00e9ger contre le froid. Les casques de v\u00e9lo d&rsquo;hiver disposent souvent d&rsquo;un int\u00e9rieur plus renforc\u00e9 par des mousses.&nbsp;<\/p>\n\n\n\n<p>La visibilit\u00e9 est \u00e9galement cruciale pour assurer la s\u00e9curit\u00e9 du cycliste en hiver lorsque la nuit tombe. Les casques disposent souvent de bandes r\u00e9fl\u00e9chissantes fournies pour rendre le cycliste plus visible aux automobilistes mais aussi aux pi\u00e9tons. Il est aussi possible de trouver des casques avec des LED int\u00e9gr\u00e9es pour une meilleure visibilit\u00e9 comme le casque Cadence de <a href=\"https:\/\/marko-helmets.com\/\" target=\"_blank\" rel=\"noreferrer noopener\" aria-label=\"Marko Helmets (s\u2019ouvre dans un nouvel onglet)\">Marko Helmets<\/a>.<\/p>\n\n\n\n<p>Enfin, le confort est \u00e9galement un facteur important \u00e0 prendre en compte lorsque vous choisissez un casque pour la pratique du v\u00e9lo ou de la trottinette \u00e9lectrique.<\/p>\n\n\n\n<p>La marque Marko helmets propose deux mod\u00e8les de casques adapt\u00e9s \u00e0 la saison hivernale.<\/p>\n\n\n\n<h2 class=\"wp-block-heading\"><a href=\"https:\/\/marko-helmets.com\/content\/23-casque-velo-vintage-trotinette-tandem\" target=\"_blank\" rel=\"noreferrer noopener\" aria-label=\"Le casque Tandem Marko Helmets (s\u2019ouvre dans un nouvel onglet)\">Le casque Tandem Marko Helmets<\/a><\/h2>\n\n\n\n<figure class=\"wp-block-image size-large\"><a href=\"https:\/\/marko-helmets.com\/product-p-280-5564.html#\/1-taille-s\/115-couleur-creme\" target=\"_blank\" rel=\"noreferrer noopener\"><img loading=\"lazy\" decoding=\"async\" width=\"1024\" height=\"361\" src=\"https:\/\/www.marko-helmets.com\/blog\/wp-content\/uploads\/2023\/01\/casque-v\u00e9lo-tandem-cr\u00e8me-marko-helmets-1024x361.png\" alt=\"\" class=\"wp-image-1222\" srcset=\"https:\/\/www.marko-helmets.com\/blog\/wp-content\/uploads\/2023\/01\/casque-v\u00e9lo-tandem-cr\u00e8me-marko-helmets-1024x361.png 1024w, https:\/\/www.marko-helmets.com\/blog\/wp-content\/uploads\/2023\/01\/casque-v\u00e9lo-tandem-cr\u00e8me-marko-helmets-300x106.png 300w, https:\/\/www.marko-helmets.com\/blog\/wp-content\/uploads\/2023\/01\/casque-v\u00e9lo-tandem-cr\u00e8me-marko-helmets-768x271.png 768w, https:\/\/www.marko-helmets.com\/blog\/wp-content\/uploads\/2023\/01\/casque-v\u00e9lo-tandem-cr\u00e8me-marko-helmets-1536x541.png 1536w, https:\/\/www.marko-helmets.com\/blog\/wp-content\/uploads\/2023\/01\/casque-v\u00e9lo-tandem-cr\u00e8me-marko-helmets-1080x381.png 1080w, https:\/\/www.marko-helmets.com\/blog\/wp-content\/uploads\/2023\/01\/casque-v\u00e9lo-tandem-cr\u00e8me-marko-helmets.png 2000w\" sizes=\"auto, (max-width: 1024px) 100vw, 1024px\" \/><\/a><\/figure>\n\n\n\n<p>Tout d\u2019abord il y a le casque de v\u00e9lo Tandem qui a d\u00e9j\u00e0 convaincu un grand nombre de cyclistes. Celui-ci est id\u00e9al pour l\u2019hiver mais aussi pour le reste de l\u2019ann\u00e9e notamment gr\u00e2ce \u00e0 ses oreillettes amovibles qui prot\u00e8gent vos oreilles du froid ainsi que son int\u00e9rieur confortable en alcantara et ses a\u00e9rations refermables en cas de pluie \u00e0 l\u2019aide de caches. L\u2019int\u00e9rieur du casque est respirant, d\u00e9montable et lavable. Le plus du casque c\u2019est \u00e9galement sa visi\u00e8re int\u00e9gr\u00e9e qui permet de prot\u00e9ger vos yeux du vent ou projections durant vos trajets quotidiens. Le Tandem est disponible en cinq coloris (Noir Mat, titanium mat cr\u00e8me brillant, champagne brillant et cherry brillant), \u00e0 la fois sobre et \u00e9l\u00e9gant pour rouler en ville, sur piste cyclable avec votre v\u00e9lo de ville, de route ou encore votre v\u00e9lo \u00e9lectrique.<\/p>\n\n\n\n<p><strong>Prix :<\/strong> 139.95 \u20ac<\/p>\n\n\n\n<h2 class=\"wp-block-heading\"><a href=\"https:\/\/marko-helmets.com\/content\/34-le-casque-velo-cadence-de-marko-helmets\" target=\"_blank\" rel=\"noreferrer noopener\" aria-label=\"Le casque Cadence Marko Helmets (s\u2019ouvre dans un nouvel onglet)\">Le casque Cadence Marko Helmets<\/a><\/h2>\n\n\n\n<figure class=\"wp-block-image\"><a href=\"https:\/\/marko-helmets.com\/casque-jet-cadence-e-bike-marko-p-322-5944.html#\/129-couleur-orange_mat\/171-taille-s_m\" target=\"_blank\" rel=\"noreferrer noopener\"><img loading=\"lazy\" decoding=\"async\" width=\"1024\" height=\"362\" src=\"https:\/\/www.marko-helmets.com\/blog\/wp-content\/uploads\/2023\/01\/casque-v\u00e9lo-cadence-marko-helmets-1024x362.png\" alt=\"\" class=\"wp-image-1225\" srcset=\"https:\/\/www.marko-helmets.com\/blog\/wp-content\/uploads\/2023\/01\/casque-v\u00e9lo-cadence-marko-helmets-1024x362.png 1024w, https:\/\/www.marko-helmets.com\/blog\/wp-content\/uploads\/2023\/01\/casque-v\u00e9lo-cadence-marko-helmets-300x106.png 300w, https:\/\/www.marko-helmets.com\/blog\/wp-content\/uploads\/2023\/01\/casque-v\u00e9lo-cadence-marko-helmets-768x272.png 768w, https:\/\/www.marko-helmets.com\/blog\/wp-content\/uploads\/2023\/01\/casque-v\u00e9lo-cadence-marko-helmets-1536x544.png 1536w, https:\/\/www.marko-helmets.com\/blog\/wp-content\/uploads\/2023\/01\/casque-v\u00e9lo-cadence-marko-helmets-1080x382.png 1080w, https:\/\/www.marko-helmets.com\/blog\/wp-content\/uploads\/2023\/01\/casque-v\u00e9lo-cadence-marko-helmets.png 2000w\" sizes=\"auto, (max-width: 1024px) 100vw, 1024px\" \/><\/a><\/figure>\n\n\n\n<p>Le second casque de Marko Helmets est le Cadence, parfait si vous recherchez un casque de v\u00e9lo technique pour rouler en VAE par exemple. Ce casque poss\u00e8de \u00e9galement des oreillettes amovibles ainsi qu\u2019un int\u00e9rieur d\u00e9montable et lavable et de nombreuses ventilations tout comme le casque Tandem. En plus de tout cela, il est r\u00e9glable gr\u00e2ce \u00e0 une molette pour un meilleur ajustement du casque. Vous serez \u00e9galement prot\u00e9g\u00e9 contre le vent et la pluie avec sa visi\u00e8re int\u00e9gr\u00e9e mais aussi du soleil avec sa visi\u00e8re solaire, le Cadence est le tout premier casque sur le march\u00e9 du v\u00e9lo \u00e0 en poss\u00e9der une ! Pour finir, ce casque est id\u00e9al en mati\u00e8re de visibilit\u00e9 car il est dot\u00e9 d\u2019un \u00e9clairage sur la molette de r\u00e9glage avec 3 intensit\u00e9s de lumi\u00e8re afin d\u2019\u00eatre vu par les automobilistes et les pi\u00e9tons.&nbsp;Le cadence est disponible en sept coloris (noir mat, noir brillant, titanium mat cr\u00e8me brillant, rouge brillant, orange mat et gris Nardo brillant).<\/p>\n\n\n\n<p><strong>Prix :<\/strong> 179.95 \u20ac<\/p>\n\n\n\n<p>En comparant les diff\u00e9rents mod\u00e8les disponibles, vous pourrez trouver le casque qui r\u00e9pondra le mieux \u00e0 vos besoins en mati\u00e8re de performance, de style et de budget pour une protection optimale lors de vos sorties \u00e0 v\u00e9lo l&rsquo;hiver. Il est \u00e9galement important de v\u00e9rifier les caract\u00e9ristiques telles que l&rsquo;ajustement pour qu&rsquo;il soit bien ajust\u00e9 \u00e0 votre t\u00eate et les options de ventilation pour \u00e9viter de transpirer.&nbsp;<\/p>\n\n\n\n<p>En r\u00e9sum\u00e9, choisir un casque d&rsquo;hiver appropri\u00e9 pour le v\u00e9lo est essentiel pour la s\u00e9curit\u00e9 et le confort du cycliste. Il est important de tenir compte de facteurs tels que la ventilation, l&rsquo;isolation thermique, la visibilit\u00e9 et le confort lors de la s\u00e9lection d&rsquo;un casque. <\/p>\n\n\n\n<p>Les casques Marko Helmets sont tous homologu\u00e9s CE EN1078 pour une protection efficace en cas d\u2019accident et utilisable en \u00e9t\u00e9 gr\u00e2ce \u00e0 ses pi\u00e8ces amovibles. Bien que le port du casque ne soit pas obligatoire pour les adultes, il est fortement recommand\u00e9 pour votre s\u00e9curit\u00e9.<\/p>\n\n\n\n<p>D\u00e9couvrez notre article sur le <a rel=\"noreferrer noopener\" aria-label=\"choix d'un casque v\u00e9lo avec une visi\u00e8re (s\u2019ouvre dans un nouvel onglet)\" href=\"https:\/\/www.marko-helmets.com\/blog\/2023\/06\/15\/pourquoi-avoir-une-visiere-sur-son-casque-de-velo\/\" target=\"_blank\">choix d&rsquo;un casque v\u00e9lo avec une visi\u00e8re<\/a> qui vous donnera d&rsquo;autres \u00e9l\u00e9ments.<\/p>\n","protected":false},"excerpt":{"rendered":"<p>Il n\u2019est pas toujours \u00e9vident de trouver le casque de v\u00e9lo id\u00e9al pour la saison hivernale qui nous permet de lutter contre le froid. Les casques d&rsquo;hiver sont con\u00e7us pour offrir une meilleure protection contre les intemp\u00e9ries, tout en gardant le cycliste visible et en toute s\u00e9curit\u00e9 sur la route. Lorsque vous choisissez un casque pour l&rsquo;hiver, il est important de tenir compte de certains \u00e9l\u00e9ments cl\u00e9s qui vont influencer votre choix, tels que la ventilation, l&rsquo;isolation thermique et la visibilit\u00e9. La ventilation est importante car elle permet d&rsquo;\u00e9vacuer la chaleur et l&rsquo;humidit\u00e9 produites par le cycliste, ce qui emp\u00eache la transpiration et le froid de s&rsquo;accumuler \u00e0 l&rsquo;int\u00e9rieur du casque. Les casques d&rsquo;hiver disposent souvent de plusieurs ouvertures de ventilation pour assurer un flux d&rsquo;air ad\u00e9quat. L&rsquo;isolation thermique est \u00e9galement essentielle pour maintenir la chaleur corporelle du cycliste et le prot\u00e9ger contre le froid. Les casques de v\u00e9lo d&rsquo;hiver disposent souvent d&rsquo;un int\u00e9rieur plus renforc\u00e9 par des mousses.&nbsp; La visibilit\u00e9 est \u00e9galement cruciale pour assurer la s\u00e9curit\u00e9 du cycliste en hiver lorsque la nuit tombe. Les casques disposent souvent de bandes r\u00e9fl\u00e9chissantes fournies pour rendre le cycliste plus visible aux automobilistes mais aussi aux pi\u00e9tons. Il est aussi possible [&hellip;]<\/p>\n","protected":false},"author":1,"featured_media":1224,"comment_status":"open","ping_status":"open","sticky":false,"template":"","format":"standard","meta":{"footnotes":""},"categories":[7,10],"tags":[],"class_list":["post-1220","post","type-post","status-publish","format-standard","has-post-thumbnail","hentry","category-actualites","category-guide"],"_links":{"self":[{"href":"https:\/\/www.marko-helmets.com\/blog\/wp-json\/wp\/v2\/posts\/1220","targetHints":{"allow":["GET"]}}],"collection":[{"href":"https:\/\/www.marko-helmets.com\/blog\/wp-json\/wp\/v2\/posts"}],"about":[{"href":"https:\/\/www.marko-helmets.com\/blog\/wp-json\/wp\/v2\/types\/post"}],"author":[{"embeddable":true,"href":"https:\/\/www.marko-helmets.com\/blog\/wp-json\/wp\/v2\/users\/1"}],"replies":[{"embeddable":true,"href":"https:\/\/www.marko-helmets.com\/blog\/wp-json\/wp\/v2\/comments?post=1220"}],"version-history":[{"count":3,"href":"https:\/\/www.marko-helmets.com\/blog\/wp-json\/wp\/v2\/posts\/1220\/revisions"}],"predecessor-version":[{"id":1347,"href":"https:\/\/www.marko-helmets.com\/blog\/wp-json\/wp\/v2\/posts\/1220\/revisions\/1347"}],"wp:featuredmedia":[{"embeddable":true,"href":"https:\/\/www.marko-helmets.com\/blog\/wp-json\/wp\/v2\/media\/1224"}],"wp:attachment":[{"href":"https:\/\/www.marko-helmets.com\/blog\/wp-json\/wp\/v2\/media?parent=1220"}],"wp:term":[{"taxonomy":"category","embeddable":true,"href":"https:\/\/www.marko-helmets.com\/blog\/wp-json\/wp\/v2\/categories?post=1220"},{"taxonomy":"post_tag","embeddable":true,"href":"https:\/\/www.marko-helmets.com\/blog\/wp-json\/wp\/v2\/tags?post=1220"}],"curies":[{"name":"wp","href":"https:\/\/api.w.org\/{rel}","templated":true}]}}